{"id":4430,"date":"2025-09-20T12:20:22","date_gmt":"2025-09-20T12:20:22","guid":{"rendered":"https:\/\/www.campinginnerduyn.nl\/neues-sanitargebaude-im-bau-start-am-6-oktober\/"},"modified":"2025-10-01T09:24:47","modified_gmt":"2025-10-01T09:24:47","slug":"neues-sanitargebaude-im-bau-start-am-6-oktober","status":"publish","type":"post","link":"https:\/\/www.campinginnerduyn.nl\/de\/neues-sanitargebaude-im-bau-start-am-6-oktober\/","title":{"rendered":"Neues Sanit\u00e4rgeb\u00e4ude im Bau \u2013 Start am 6. Oktober!"},"content":{"rendered":"\t\t<div data-elementor-type=\"wp-post\" data-elementor-id=\"4430\" class=\"elementor elementor-4430\" data-elementor-post-type=\"post\">\n\t\t\t\t\t\t<section class=\"elementor-section elementor-top-section elementor-element elementor-element-64afa0a6 elementor-section-boxed elementor-section-height-default elementor-section-height-default\" data-id=\"64afa0a6\" data-element_type=\"section\" data-e-type=\"section\">\n\t\t\t\t\t\t<div class=\"elementor-container elementor-column-gap-default\">\n\t\t\t\t\t<div class=\"elementor-column elementor-col-100 elementor-top-column elementor-element elementor-element-79162967\" data-id=\"79162967\" data-element_type=\"column\" data-e-type=\"column\">\n\t\t\t<div class=\"elementor-widget-wrap elementor-element-populated\">\n\t\t\t\t\t\t\t<\/div>\n\t\t<\/div>\n\t\t\t\t\t<\/div>\n\t\t<\/section>\n\t\t\t\t<section class=\"elementor-section elementor-top-section elementor-element elementor-element-c097fc2 elementor-section-boxed elementor-section-height-default elementor-section-height-default\" data-id=\"c097fc2\" data-element_type=\"section\" data-e-type=\"section\">\n\t\t\t\t\t\t<div class=\"elementor-container elementor-column-gap-default\">\n\t\t\t\t\t<div class=\"elementor-column elementor-col-100 elementor-top-column elementor-element elementor-element-8db4dda\" data-id=\"8db4dda\" data-element_type=\"column\" data-e-type=\"column\">\n\t\t\t<div class=\"elementor-widget-wrap elementor-element-populated\">\n\t\t\t\t\t\t<div class=\"elementor-element elementor-element-dac13e2 elementor-widget elementor-widget-text-editor\" data-id=\"dac13e2\" data-element_type=\"widget\" data-e-type=\"widget\" data-widget_type=\"text-editor.default\">\n\t\t\t\t<div class=\"elementor-widget-container\">\n\t\t\t\t\t\t\t\t\t<p data-start=\"437\" data-end=\"752\">Wir haben gro\u00dfartige Neuigkeiten: Am 6. Oktober beginnen wir mit dem Bau unseres brandneuen Sanit\u00e4rgeb\u00e4udes! Dieses moderne Geb\u00e4ude entsteht an der Stelle der Stellpl\u00e4tze 6 und 18 und wird damit das neue zentrale Herzst\u00fcck unseres Campingplatzes. Die Wege zu den Sanit\u00e4ranlagen werden dadurch f\u00fcr alle k\u00fcrzer und praktischer.<\/p><h3 data-start=\"754\" data-end=\"782\"><strong>Komfortable Badezimmer<\/strong><\/h3><p data-start=\"783\" data-end=\"971\">Im Erdgeschoss entstehen nicht weniger als <strong>25 Privatbadezimmer<\/strong>, jeweils ausgestattet mit einem Waschbecken, einer Toilette und einer Dusche. So genie\u00dfen Sie w\u00e4hrend Ihres Aufenthalts zus\u00e4tzlichen Komfort und Privatsph\u00e4re.<\/p><h3 data-start=\"973\" data-end=\"1020\">Neue Aufenthaltsr\u00e4ume<\/h3><p data-start=\"1021\" data-end=\"1238\">Im ersten Stock entsteht ein gem\u00fctlicher Aufenthaltsraum mit Kochm\u00f6glichkeiten.<\/p><h3 data-start=\"1240\" data-end=\"1264\">Nachhaltig und modern<\/h3><p data-start=\"1265\" data-end=\"1529\">Das Geb\u00e4ude wird vollst\u00e4ndig mit Fu\u00dfbodenheizung ausgestattet, hervorragend isoliert und mit einer Luftw\u00e4rmepumpe beheizt. Au\u00dferdem sammeln wir Regenwasser in einem gro\u00dfen Tank, mit dem die Toiletten gesp\u00fclt werden \u2013 ein wichtiger Schritt in Richtung Nachhaltigkeit.<\/p><h3 data-start=\"1531\" data-end=\"1556\">Zus\u00e4tzliche Einrichtungen<\/h3><p data-start=\"1557\" data-end=\"1775\">An der Vorderseite entstehen drei Abwaschpl\u00e4tze und sogar eine Hundedusche mit warmem Wasser (sp\u00e4ter mit einem kleinen Dach \u00fcberdeckt). So machen wir den Aufenthalt f\u00fcr all unsere G\u00e4ste \u2013 und ihre treuen Vierbeiner \u2013 noch komfortabler.<\/p>\t\t\t\t\t\t\t\t<\/div>\n\t\t\t\t<\/div>\n\t\t\t\t\t<\/div>\n\t\t<\/div>\n\t\t\t\t\t<\/div>\n\t\t<\/section>\n\t\t\t\t<section class=\"elementor-section elementor-top-section elementor-element elementor-element-12f8bce elementor-section-boxed elementor-section-height-default elementor-section-height-default\" data-id=\"12f8bce\" data-element_type=\"section\" data-e-type=\"section\">\n\t\t\t\t\t\t<div class=\"elementor-container elementor-column-gap-default\">\n\t\t\t\t\t<div class=\"elementor-column elementor-col-100 elementor-top-column elementor-element elementor-element-6086fad\" data-id=\"6086fad\" data-element_type=\"column\" data-e-type=\"column\">\n\t\t\t<div class=\"elementor-widget-wrap elementor-element-populated\">\n\t\t\t\t\t\t<div class=\"elementor-element elementor-element-223afa3 elementor-widget elementor-widget-image\" data-id=\"223afa3\" data-element_type=\"widget\" data-e-type=\"widget\" data-widget_type=\"image.default\">\n\t\t\t\t<div class=\"elementor-widget-container\">\n\t\t\t\t\t\t\t\t\t\t\t\t\t\t\t<img fetchpriority=\"high\" decoding=\"async\" width=\"980\" height=\"534\" src=\"https:\/\/www.campinginnerduyn.nl\/wp-content\/uploads\/2025\/09\/Nieuwsbericht-1024x558.png\" class=\"attachment-large size-large wp-image-4412\" alt=\"Impressie van de gevels van het duurzame nieuwe sanitairgebouw op de camping.\" srcset=\"https:\/\/www.campinginnerduyn.nl\/wp-content\/uploads\/2025\/09\/Nieuwsbericht-1024x558.png 1024w, https:\/\/www.campinginnerduyn.nl\/wp-content\/uploads\/2025\/09\/Nieuwsbericht-300x163.png 300w, https:\/\/www.campinginnerduyn.nl\/wp-content\/uploads\/2025\/09\/Nieuwsbericht-768x418.png 768w, https:\/\/www.campinginnerduyn.nl\/wp-content\/uploads\/2025\/09\/Nieuwsbericht.png 1204w\" sizes=\"(max-width: 980px) 100vw, 980px\" \/>\t\t\t\t\t\t\t\t\t\t\t\t\t\t\t<\/div>\n\t\t\t\t<\/div>\n\t\t\t\t\t<\/div>\n\t\t<\/div>\n\t\t\t\t\t<\/div>\n\t\t<\/section>\n\t\t\t\t<\/div>\n\t\t","protected":false},"excerpt":{"rendered":"<p>Wir haben gro\u00dfartige Neuigkeiten: Am 6. Oktober beginnen wir mit dem Bau unseres brandneuen Sanit\u00e4rgeb\u00e4udes! Dieses moderne Geb\u00e4ude entsteht an der Stelle der Stellpl\u00e4tze 6 und 18 und wird damit das neue zentrale Herzst\u00fcck unseres Campingplatzes. Die Wege zu den Sanit\u00e4ranlagen werden dadurch f\u00fcr alle k\u00fcrzer und praktischer. Komfortable Badezimmer Im Erdgeschoss entstehen nicht weniger [&hellip;]<\/p>\n","protected":false},"author":2,"featured_media":4415,"comment_status":"closed","ping_status":"open","sticky":false,"template":"","format":"standard","meta":{"inline_featured_image":false,"footnotes":""},"categories":[79],"tags":[],"class_list":["post-4430","post","type-post","status-publish","format-standard","has-post-thumbnail","hentry","category-nachricht"],"yoast_head":"<!-- This site is optimized with the Yoast SEO plugin v27.5 - https:\/\/yoast.com\/product\/yoast-seo-wordpress\/ -->\n<title>Neues Sanit\u00e4rgeb\u00e4ude im Bau \u2013 Start am 6. Oktober! - Camping Innerduyn<\/title>\n<meta name=\"description\" content=\"Genie\u00dfen Sie luxuri\u00f6ses Camping mit privatem Sanit\u00e4rbereich und der Gem\u00fctlichkeit eines kleinen Campingplatzes. Entdecken Sie unser neues, nachhaltiges Sanit\u00e4rgeb\u00e4ude!\" \/>\n<meta name=\"robots\" content=\"index, follow, max-snippet:-1, max-image-preview:large, max-video-preview:-1\" \/>\n<link rel=\"canonical\" href=\"https:\/\/www.campinginnerduyn.nl\/de\/neues-sanitargebaude-im-bau-start-am-6-oktober\/\" \/>\n<meta property=\"og:locale\" content=\"de_DE\" \/>\n<meta property=\"og:type\" content=\"article\" \/>\n<meta property=\"og:title\" content=\"Neues Sanit\u00e4rgeb\u00e4ude im Bau \u2013 Start am 6. Oktober! - Camping Innerduyn\" \/>\n<meta property=\"og:description\" content=\"Genie\u00dfen Sie luxuri\u00f6ses Camping mit privatem Sanit\u00e4rbereich und der Gem\u00fctlichkeit eines kleinen Campingplatzes. Entdecken Sie unser neues, nachhaltiges Sanit\u00e4rgeb\u00e4ude!\" \/>\n<meta property=\"og:url\" content=\"https:\/\/www.campinginnerduyn.nl\/de\/neues-sanitargebaude-im-bau-start-am-6-oktober\/\" \/>\n<meta property=\"og:site_name\" content=\"Camping Innerduyn\" \/>\n<meta property=\"article:publisher\" content=\"https:\/\/www.facebook.com\/profile.php?id=100063508750371\" \/>\n<meta property=\"article:published_time\" content=\"2025-09-20T12:20:22+00:00\" \/>\n<meta property=\"article:modified_time\" content=\"2025-10-01T09:24:47+00:00\" \/>\n<meta property=\"og:image\" content=\"https:\/\/www.campinginnerduyn.nl\/wp-content\/uploads\/2025\/09\/Badkamer-.png\" \/>\n\t<meta property=\"og:image:width\" content=\"667\" \/>\n\t<meta property=\"og:image:height\" content=\"525\" \/>\n\t<meta property=\"og:image:type\" content=\"image\/png\" \/>\n<meta name=\"author\" content=\"Melissa Geerse\" \/>\n<meta name=\"twitter:card\" content=\"summary_large_image\" \/>\n<meta name=\"twitter:label1\" content=\"Verfasst von\" \/>\n\t<meta name=\"twitter:data1\" content=\"Melissa Geerse\" \/>\n\t<meta name=\"twitter:label2\" content=\"Gesch\u00e4tzte Lesezeit\" \/>\n\t<meta name=\"twitter:data2\" content=\"2\u00a0Minuten\" \/>\n<script type=\"application\/ld+json\" class=\"yoast-schema-graph\">{\"@context\":\"https:\\\/\\\/schema.org\",\"@graph\":[{\"@type\":\"Article\",\"@id\":\"https:\\\/\\\/www.campinginnerduyn.nl\\\/de\\\/neues-sanitargebaude-im-bau-start-am-6-oktober\\\/#article\",\"isPartOf\":{\"@id\":\"https:\\\/\\\/www.campinginnerduyn.nl\\\/de\\\/neues-sanitargebaude-im-bau-start-am-6-oktober\\\/\"},\"author\":{\"name\":\"Melissa Geerse\",\"@id\":\"https:\\\/\\\/www.campinginnerduyn.nl\\\/de\\\/#\\\/schema\\\/person\\\/55032039ed87e576cd1edec0ab1774bc\"},\"headline\":\"Neues Sanit\u00e4rgeb\u00e4ude im Bau \u2013 Start am 6. Oktober!\",\"datePublished\":\"2025-09-20T12:20:22+00:00\",\"dateModified\":\"2025-10-01T09:24:47+00:00\",\"mainEntityOfPage\":{\"@id\":\"https:\\\/\\\/www.campinginnerduyn.nl\\\/de\\\/neues-sanitargebaude-im-bau-start-am-6-oktober\\\/\"},\"wordCount\":195,\"publisher\":{\"@id\":\"https:\\\/\\\/www.campinginnerduyn.nl\\\/de\\\/#organization\"},\"image\":{\"@id\":\"https:\\\/\\\/www.campinginnerduyn.nl\\\/de\\\/neues-sanitargebaude-im-bau-start-am-6-oktober\\\/#primaryimage\"},\"thumbnailUrl\":\"https:\\\/\\\/www.campinginnerduyn.nl\\\/wp-content\\\/uploads\\\/2025\\\/09\\\/Badkamer-.png\",\"articleSection\":[\"Nieuws\"],\"inLanguage\":\"de\"},{\"@type\":\"WebPage\",\"@id\":\"https:\\\/\\\/www.campinginnerduyn.nl\\\/de\\\/neues-sanitargebaude-im-bau-start-am-6-oktober\\\/\",\"url\":\"https:\\\/\\\/www.campinginnerduyn.nl\\\/de\\\/neues-sanitargebaude-im-bau-start-am-6-oktober\\\/\",\"name\":\"Neues Sanit\u00e4rgeb\u00e4ude im Bau \u2013 Start am 6. Oktober! - Camping Innerduyn\",\"isPartOf\":{\"@id\":\"https:\\\/\\\/www.campinginnerduyn.nl\\\/de\\\/#website\"},\"primaryImageOfPage\":{\"@id\":\"https:\\\/\\\/www.campinginnerduyn.nl\\\/de\\\/neues-sanitargebaude-im-bau-start-am-6-oktober\\\/#primaryimage\"},\"image\":{\"@id\":\"https:\\\/\\\/www.campinginnerduyn.nl\\\/de\\\/neues-sanitargebaude-im-bau-start-am-6-oktober\\\/#primaryimage\"},\"thumbnailUrl\":\"https:\\\/\\\/www.campinginnerduyn.nl\\\/wp-content\\\/uploads\\\/2025\\\/09\\\/Badkamer-.png\",\"datePublished\":\"2025-09-20T12:20:22+00:00\",\"dateModified\":\"2025-10-01T09:24:47+00:00\",\"description\":\"Genie\u00dfen Sie luxuri\u00f6ses Camping mit privatem Sanit\u00e4rbereich und der Gem\u00fctlichkeit eines kleinen Campingplatzes. Entdecken Sie unser neues, nachhaltiges Sanit\u00e4rgeb\u00e4ude!\",\"breadcrumb\":{\"@id\":\"https:\\\/\\\/www.campinginnerduyn.nl\\\/de\\\/neues-sanitargebaude-im-bau-start-am-6-oktober\\\/#breadcrumb\"},\"inLanguage\":\"de\",\"potentialAction\":[{\"@type\":\"ReadAction\",\"target\":[\"https:\\\/\\\/www.campinginnerduyn.nl\\\/de\\\/neues-sanitargebaude-im-bau-start-am-6-oktober\\\/\"]}]},{\"@type\":\"ImageObject\",\"inLanguage\":\"de\",\"@id\":\"https:\\\/\\\/www.campinginnerduyn.nl\\\/de\\\/neues-sanitargebaude-im-bau-start-am-6-oktober\\\/#primaryimage\",\"url\":\"https:\\\/\\\/www.campinginnerduyn.nl\\\/wp-content\\\/uploads\\\/2025\\\/09\\\/Badkamer-.png\",\"contentUrl\":\"https:\\\/\\\/www.campinginnerduyn.nl\\\/wp-content\\\/uploads\\\/2025\\\/09\\\/Badkamer-.png\",\"width\":667,\"height\":525},{\"@type\":\"BreadcrumbList\",\"@id\":\"https:\\\/\\\/www.campinginnerduyn.nl\\\/de\\\/neues-sanitargebaude-im-bau-start-am-6-oktober\\\/#breadcrumb\",\"itemListElement\":[{\"@type\":\"ListItem\",\"position\":1,\"name\":\"Home\",\"item\":\"https:\\\/\\\/www.campinginnerduyn.nl\\\/de\\\/\"},{\"@type\":\"ListItem\",\"position\":2,\"name\":\"Neues Sanit\u00e4rgeb\u00e4ude im Bau \u2013 Start am 6. Oktober!\"}]},{\"@type\":\"WebSite\",\"@id\":\"https:\\\/\\\/www.campinginnerduyn.nl\\\/de\\\/#website\",\"url\":\"https:\\\/\\\/www.campinginnerduyn.nl\\\/de\\\/\",\"name\":\"Camping Innerduyn\",\"description\":\"Kleinschalige camping in Zeeland - Adults Only\",\"publisher\":{\"@id\":\"https:\\\/\\\/www.campinginnerduyn.nl\\\/de\\\/#organization\"},\"potentialAction\":[{\"@type\":\"SearchAction\",\"target\":{\"@type\":\"EntryPoint\",\"urlTemplate\":\"https:\\\/\\\/www.campinginnerduyn.nl\\\/de\\\/?s={search_term_string}\"},\"query-input\":{\"@type\":\"PropertyValueSpecification\",\"valueRequired\":true,\"valueName\":\"search_term_string\"}}],\"inLanguage\":\"de\"},{\"@type\":\"Organization\",\"@id\":\"https:\\\/\\\/www.campinginnerduyn.nl\\\/de\\\/#organization\",\"name\":\"Camping Innerduyn\",\"url\":\"https:\\\/\\\/www.campinginnerduyn.nl\\\/de\\\/\",\"logo\":{\"@type\":\"ImageObject\",\"inLanguage\":\"de\",\"@id\":\"https:\\\/\\\/www.campinginnerduyn.nl\\\/de\\\/#\\\/schema\\\/logo\\\/image\\\/\",\"url\":\"https:\\\/\\\/www.campinginnerduyn.nl\\\/wp-content\\\/uploads\\\/2020\\\/03\\\/logo_camping-innerduyn-FC.png\",\"contentUrl\":\"https:\\\/\\\/www.campinginnerduyn.nl\\\/wp-content\\\/uploads\\\/2020\\\/03\\\/logo_camping-innerduyn-FC.png\",\"width\":400,\"height\":467,\"caption\":\"Camping Innerduyn\"},\"image\":{\"@id\":\"https:\\\/\\\/www.campinginnerduyn.nl\\\/de\\\/#\\\/schema\\\/logo\\\/image\\\/\"},\"sameAs\":[\"https:\\\/\\\/www.facebook.com\\\/profile.php?id=100063508750371\"]},{\"@type\":\"Person\",\"@id\":\"https:\\\/\\\/www.campinginnerduyn.nl\\\/de\\\/#\\\/schema\\\/person\\\/55032039ed87e576cd1edec0ab1774bc\",\"name\":\"Melissa Geerse\",\"image\":{\"@type\":\"ImageObject\",\"inLanguage\":\"de\",\"@id\":\"https:\\\/\\\/secure.gravatar.com\\\/avatar\\\/aea9f1a4e2ecacb8d1fbb4cc17f9213eb9c96d20269e2b4cb65d7fbe5c655002?s=96&d=mm&r=g\",\"url\":\"https:\\\/\\\/secure.gravatar.com\\\/avatar\\\/aea9f1a4e2ecacb8d1fbb4cc17f9213eb9c96d20269e2b4cb65d7fbe5c655002?s=96&d=mm&r=g\",\"contentUrl\":\"https:\\\/\\\/secure.gravatar.com\\\/avatar\\\/aea9f1a4e2ecacb8d1fbb4cc17f9213eb9c96d20269e2b4cb65d7fbe5c655002?s=96&d=mm&r=g\",\"caption\":\"Melissa Geerse\"},\"url\":\"https:\\\/\\\/www.campinginnerduyn.nl\\\/de\\\/author\\\/infocampinginnerduyn-nl\\\/\"}]}<\/script>\n<!-- \/ Yoast SEO plugin. -->","yoast_head_json":{"title":"Neues Sanit\u00e4rgeb\u00e4ude im Bau \u2013 Start am 6. Oktober! - Camping Innerduyn","description":"Genie\u00dfen Sie luxuri\u00f6ses Camping mit privatem Sanit\u00e4rbereich und der Gem\u00fctlichkeit eines kleinen Campingplatzes. Entdecken Sie unser neues, nachhaltiges Sanit\u00e4rgeb\u00e4ude!","robots":{"index":"index","follow":"follow","max-snippet":"max-snippet:-1","max-image-preview":"max-image-preview:large","max-video-preview":"max-video-preview:-1"},"canonical":"https:\/\/www.campinginnerduyn.nl\/de\/neues-sanitargebaude-im-bau-start-am-6-oktober\/","og_locale":"de_DE","og_type":"article","og_title":"Neues Sanit\u00e4rgeb\u00e4ude im Bau \u2013 Start am 6. Oktober! - Camping Innerduyn","og_description":"Genie\u00dfen Sie luxuri\u00f6ses Camping mit privatem Sanit\u00e4rbereich und der Gem\u00fctlichkeit eines kleinen Campingplatzes. Entdecken Sie unser neues, nachhaltiges Sanit\u00e4rgeb\u00e4ude!","og_url":"https:\/\/www.campinginnerduyn.nl\/de\/neues-sanitargebaude-im-bau-start-am-6-oktober\/","og_site_name":"Camping Innerduyn","article_publisher":"https:\/\/www.facebook.com\/profile.php?id=100063508750371","article_published_time":"2025-09-20T12:20:22+00:00","article_modified_time":"2025-10-01T09:24:47+00:00","og_image":[{"width":667,"height":525,"url":"https:\/\/www.campinginnerduyn.nl\/wp-content\/uploads\/2025\/09\/Badkamer-.png","type":"image\/png"}],"author":"Melissa Geerse","twitter_card":"summary_large_image","twitter_misc":{"Verfasst von":"Melissa Geerse","Gesch\u00e4tzte Lesezeit":"2\u00a0Minuten"},"schema":{"@context":"https:\/\/schema.org","@graph":[{"@type":"Article","@id":"https:\/\/www.campinginnerduyn.nl\/de\/neues-sanitargebaude-im-bau-start-am-6-oktober\/#article","isPartOf":{"@id":"https:\/\/www.campinginnerduyn.nl\/de\/neues-sanitargebaude-im-bau-start-am-6-oktober\/"},"author":{"name":"Melissa Geerse","@id":"https:\/\/www.campinginnerduyn.nl\/de\/#\/schema\/person\/55032039ed87e576cd1edec0ab1774bc"},"headline":"Neues Sanit\u00e4rgeb\u00e4ude im Bau \u2013 Start am 6. Oktober!","datePublished":"2025-09-20T12:20:22+00:00","dateModified":"2025-10-01T09:24:47+00:00","mainEntityOfPage":{"@id":"https:\/\/www.campinginnerduyn.nl\/de\/neues-sanitargebaude-im-bau-start-am-6-oktober\/"},"wordCount":195,"publisher":{"@id":"https:\/\/www.campinginnerduyn.nl\/de\/#organization"},"image":{"@id":"https:\/\/www.campinginnerduyn.nl\/de\/neues-sanitargebaude-im-bau-start-am-6-oktober\/#primaryimage"},"thumbnailUrl":"https:\/\/www.campinginnerduyn.nl\/wp-content\/uploads\/2025\/09\/Badkamer-.png","articleSection":["Nieuws"],"inLanguage":"de"},{"@type":"WebPage","@id":"https:\/\/www.campinginnerduyn.nl\/de\/neues-sanitargebaude-im-bau-start-am-6-oktober\/","url":"https:\/\/www.campinginnerduyn.nl\/de\/neues-sanitargebaude-im-bau-start-am-6-oktober\/","name":"Neues Sanit\u00e4rgeb\u00e4ude im Bau \u2013 Start am 6. Oktober! - Camping Innerduyn","isPartOf":{"@id":"https:\/\/www.campinginnerduyn.nl\/de\/#website"},"primaryImageOfPage":{"@id":"https:\/\/www.campinginnerduyn.nl\/de\/neues-sanitargebaude-im-bau-start-am-6-oktober\/#primaryimage"},"image":{"@id":"https:\/\/www.campinginnerduyn.nl\/de\/neues-sanitargebaude-im-bau-start-am-6-oktober\/#primaryimage"},"thumbnailUrl":"https:\/\/www.campinginnerduyn.nl\/wp-content\/uploads\/2025\/09\/Badkamer-.png","datePublished":"2025-09-20T12:20:22+00:00","dateModified":"2025-10-01T09:24:47+00:00","description":"Genie\u00dfen Sie luxuri\u00f6ses Camping mit privatem Sanit\u00e4rbereich und der Gem\u00fctlichkeit eines kleinen Campingplatzes. Entdecken Sie unser neues, nachhaltiges Sanit\u00e4rgeb\u00e4ude!","breadcrumb":{"@id":"https:\/\/www.campinginnerduyn.nl\/de\/neues-sanitargebaude-im-bau-start-am-6-oktober\/#breadcrumb"},"inLanguage":"de","potentialAction":[{"@type":"ReadAction","target":["https:\/\/www.campinginnerduyn.nl\/de\/neues-sanitargebaude-im-bau-start-am-6-oktober\/"]}]},{"@type":"ImageObject","inLanguage":"de","@id":"https:\/\/www.campinginnerduyn.nl\/de\/neues-sanitargebaude-im-bau-start-am-6-oktober\/#primaryimage","url":"https:\/\/www.campinginnerduyn.nl\/wp-content\/uploads\/2025\/09\/Badkamer-.png","contentUrl":"https:\/\/www.campinginnerduyn.nl\/wp-content\/uploads\/2025\/09\/Badkamer-.png","width":667,"height":525},{"@type":"BreadcrumbList","@id":"https:\/\/www.campinginnerduyn.nl\/de\/neues-sanitargebaude-im-bau-start-am-6-oktober\/#breadcrumb","itemListElement":[{"@type":"ListItem","position":1,"name":"Home","item":"https:\/\/www.campinginnerduyn.nl\/de\/"},{"@type":"ListItem","position":2,"name":"Neues Sanit\u00e4rgeb\u00e4ude im Bau \u2013 Start am 6. Oktober!"}]},{"@type":"WebSite","@id":"https:\/\/www.campinginnerduyn.nl\/de\/#website","url":"https:\/\/www.campinginnerduyn.nl\/de\/","name":"Camping Innerduyn","description":"Kleinschalige camping in Zeeland - Adults Only","publisher":{"@id":"https:\/\/www.campinginnerduyn.nl\/de\/#organization"},"potentialAction":[{"@type":"SearchAction","target":{"@type":"EntryPoint","urlTemplate":"https:\/\/www.campinginnerduyn.nl\/de\/?s={search_term_string}"},"query-input":{"@type":"PropertyValueSpecification","valueRequired":true,"valueName":"search_term_string"}}],"inLanguage":"de"},{"@type":"Organization","@id":"https:\/\/www.campinginnerduyn.nl\/de\/#organization","name":"Camping Innerduyn","url":"https:\/\/www.campinginnerduyn.nl\/de\/","logo":{"@type":"ImageObject","inLanguage":"de","@id":"https:\/\/www.campinginnerduyn.nl\/de\/#\/schema\/logo\/image\/","url":"https:\/\/www.campinginnerduyn.nl\/wp-content\/uploads\/2020\/03\/logo_camping-innerduyn-FC.png","contentUrl":"https:\/\/www.campinginnerduyn.nl\/wp-content\/uploads\/2020\/03\/logo_camping-innerduyn-FC.png","width":400,"height":467,"caption":"Camping Innerduyn"},"image":{"@id":"https:\/\/www.campinginnerduyn.nl\/de\/#\/schema\/logo\/image\/"},"sameAs":["https:\/\/www.facebook.com\/profile.php?id=100063508750371"]},{"@type":"Person","@id":"https:\/\/www.campinginnerduyn.nl\/de\/#\/schema\/person\/55032039ed87e576cd1edec0ab1774bc","name":"Melissa Geerse","image":{"@type":"ImageObject","inLanguage":"de","@id":"https:\/\/secure.gravatar.com\/avatar\/aea9f1a4e2ecacb8d1fbb4cc17f9213eb9c96d20269e2b4cb65d7fbe5c655002?s=96&d=mm&r=g","url":"https:\/\/secure.gravatar.com\/avatar\/aea9f1a4e2ecacb8d1fbb4cc17f9213eb9c96d20269e2b4cb65d7fbe5c655002?s=96&d=mm&r=g","contentUrl":"https:\/\/secure.gravatar.com\/avatar\/aea9f1a4e2ecacb8d1fbb4cc17f9213eb9c96d20269e2b4cb65d7fbe5c655002?s=96&d=mm&r=g","caption":"Melissa Geerse"},"url":"https:\/\/www.campinginnerduyn.nl\/de\/author\/infocampinginnerduyn-nl\/"}]}},"_links":{"self":[{"href":"https:\/\/www.campinginnerduyn.nl\/de\/wp-json\/wp\/v2\/posts\/4430","targetHints":{"allow":["GET"]}}],"collection":[{"href":"https:\/\/www.campinginnerduyn.nl\/de\/wp-json\/wp\/v2\/posts"}],"about":[{"href":"https:\/\/www.campinginnerduyn.nl\/de\/wp-json\/wp\/v2\/types\/post"}],"author":[{"embeddable":true,"href":"https:\/\/www.campinginnerduyn.nl\/de\/wp-json\/wp\/v2\/users\/2"}],"replies":[{"embeddable":true,"href":"https:\/\/www.campinginnerduyn.nl\/de\/wp-json\/wp\/v2\/comments?post=4430"}],"version-history":[{"count":8,"href":"https:\/\/www.campinginnerduyn.nl\/de\/wp-json\/wp\/v2\/posts\/4430\/revisions"}],"predecessor-version":[{"id":4442,"href":"https:\/\/www.campinginnerduyn.nl\/de\/wp-json\/wp\/v2\/posts\/4430\/revisions\/4442"}],"wp:featuredmedia":[{"embeddable":true,"href":"https:\/\/www.campinginnerduyn.nl\/de\/wp-json\/wp\/v2\/media\/4415"}],"wp:attachment":[{"href":"https:\/\/www.campinginnerduyn.nl\/de\/wp-json\/wp\/v2\/media?parent=4430"}],"wp:term":[{"taxonomy":"category","embeddable":true,"href":"https:\/\/www.campinginnerduyn.nl\/de\/wp-json\/wp\/v2\/categories?post=4430"},{"taxonomy":"post_tag","embeddable":true,"href":"https:\/\/www.campinginnerduyn.nl\/de\/wp-json\/wp\/v2\/tags?post=4430"}],"curies":[{"name":"wp","href":"https:\/\/api.w.org\/{rel}","templated":true}]}}